{"id":305,"date":"2013-08-29T23:03:49","date_gmt":"2013-08-29T21:03:49","guid":{"rendered":"http:\/\/www.rss-nordheide.de\/rss_web\/?p=305"},"modified":"2023-07-11T23:55:25","modified_gmt":"2023-07-11T21:55:25","slug":"stundenplaene-2","status":"publish","type":"post","link":"https:\/\/www.rss-nordheide.de\/rss_web\/stundenplaene-2\/","title":{"rendered":"Aktuelle Stundenpl\u00e4ne"},"content":{"rendered":"<p>Hier finden Sie die aktuellen Stundenpl\u00e4ne der einzelnen Klassen, jeweils A\/B bzw. Q\/R-Gruppe, zum Download.<\/p>\n<p>1. Halbjahr 2019\/20 (ab September 2019)<\/p>\n<p><a href=\"https:\/\/www.rss-nordheide.de\/rss_web\/wp-content\/uploads\/2019\/09\/Stundenpl\u00e4ne-Klasse-1-ab-2.9.2019.pdf\">Stundenpl\u00e4ne Klasse 1 ab 2.9.2019<\/a><\/p>\n<p><a href=\"https:\/\/www.rss-nordheide.de\/rss_web\/wp-content\/uploads\/2019\/09\/Stundenpl\u00e4ne-Klasse-2-ab-2.9.2019.pdf\">Stundenpl\u00e4ne Klasse 2 ab 2.9.2019<\/a><\/p>\n<p><a href=\"https:\/\/www.rss-nordheide.de\/rss_web\/wp-content\/uploads\/2019\/09\/Stundenpl\u00e4ne-Klasse-3-ab-2.9.2019.pdf\">Stundenpl\u00e4ne Klasse 3 ab 2.9.2019<\/a><\/p>\n<p><a href=\"https:\/\/www.rss-nordheide.de\/rss_web\/wp-content\/uploads\/2019\/09\/Stundenpl\u00e4ne-Klasse-4-ab-2.9.2019.pdf\">Stundenpl\u00e4ne Klasse 4 ab 2.9.2019<\/a><\/p>\n<p><a href=\"https:\/\/www.rss-nordheide.de\/rss_web\/wp-content\/uploads\/2019\/09\/Stundenpl\u00e4ne-Klasse-5-ab-2.9.2019.pdf\">Stundenpl\u00e4ne Klasse 5 ab 2.9.2019<\/a><\/p>\n<p><a href=\"https:\/\/www.rss-nordheide.de\/rss_web\/wp-content\/uploads\/2019\/09\/Stundenpl\u00e4ne-Klasse-6-ab-2.9.2019.pdf\">Stundenpl\u00e4ne Klasse 6 ab 2.9.2019<\/a><\/p>\n<p><a href=\"https:\/\/www.rss-nordheide.de\/rss_web\/wp-content\/uploads\/2019\/09\/Stundenpl\u00e4ne-Klasse-7-ab-2.9.2019.pdf\">Stundenpl\u00e4ne Klasse 7 ab 2.9.2019<\/a><\/p>\n<p><a href=\"https:\/\/www.rss-nordheide.de\/rss_web\/wp-content\/uploads\/2019\/09\/Stundenpl\u00e4ne-Klasse-8-ab-2.9.2019.pdf\">Stundenpl\u00e4ne Klasse 8 ab 2.9.2019<\/a><\/p>\n<p><a href=\"https:\/\/www.rss-nordheide.de\/rss_web\/wp-content\/uploads\/2019\/09\/Stundenpl\u00e4ne-Klasse-9-ab-2.9.2019.pdf\">Stundenpl\u00e4ne Klasse 9 ab 2.9.2019<\/a><\/p>\n<p><a href=\"https:\/\/www.rss-nordheide.de\/rss_web\/wp-content\/uploads\/2019\/09\/Stundenpl\u00e4ne-Klasse-10-ab-2.9.2019.pdf\">Stundenpl\u00e4ne Klasse 10 ab 2.9.2019<\/a><\/p>\n<p><a href=\"https:\/\/www.rss-nordheide.de\/rss_web\/wp-content\/uploads\/2019\/09\/Stundenpl\u00e4ne-Klasse-11-ab-2.9.2019.pdf\">Stundenpl\u00e4ne Klasse 11 ab 2.9.2019<\/a><\/p>\n<p><a href=\"https:\/\/www.rss-nordheide.de\/rss_web\/wp-content\/uploads\/2019\/09\/Stundenpl\u00e4ne-Klasse-13-ab-2.9.2019.pdf\">Stundenpl\u00e4ne Klasse 13 ab 2.9.2019<\/a><\/p>\n<p>ARCHIV<\/p>\n<p>2. Halbjahr 2018\/19 (ab Februar 2019)<\/p>\n<p><a href=\"http:\/\/www.rss-nordheide.de\/rss_web\/wp-content\/uploads\/2019\/02\/Stundenpl\u00e4ne-Klasse-1-ab-5.2.2019.pdf\">Stundenpl\u00e4ne Klasse 1 ab 5.2.2019<\/a><\/p>\n<p><a href=\"http:\/\/www.rss-nordheide.de\/rss_web\/wp-content\/uploads\/2019\/02\/Stundenpl\u00e4ne-Klasse-2-ab-5.2.2019.pdf\">Stundenpl\u00e4ne Klasse 2 ab 5.2.2019<\/a><\/p>\n<p><a href=\"http:\/\/www.rss-nordheide.de\/rss_web\/wp-content\/uploads\/2019\/02\/Stundenpl\u00e4ne-Klasse-3-ab-5.2.2019.pdf\">Stundenpl\u00e4ne Klasse 3 ab 5.2.2019<\/a><\/p>\n<p><a href=\"http:\/\/www.rss-nordheide.de\/rss_web\/wp-content\/uploads\/2019\/02\/Stundenpl\u00e4ne-Klasse-4-ab-5.2.2019.pdf\">Stundenpl\u00e4ne Klasse 4 ab 5.2.2019<\/a><\/p>\n<p><a href=\"http:\/\/www.rss-nordheide.de\/rss_web\/wp-content\/uploads\/2019\/02\/Stundenpl\u00e4ne-Klasse-5-ab-5.2.2019.pdf\">Stundenpl\u00e4ne Klasse 5 ab 5.2.2019<\/a><\/p>\n<p><a href=\"http:\/\/www.rss-nordheide.de\/rss_web\/wp-content\/uploads\/2019\/02\/Stundenpl\u00e4ne-Klasse-6-ab-5.2.2019.pdf\">Stundenpl\u00e4ne Klasse 6 ab 5.2.2019<\/a><\/p>\n<p><a href=\"http:\/\/www.rss-nordheide.de\/rss_web\/wp-content\/uploads\/2019\/02\/Stundenpl\u00e4ne-Klasse-7-ab-5.2.2019.pdf\">Stundenpl\u00e4ne Klasse 7 ab 5.2.2019<\/a><\/p>\n<p><a href=\"http:\/\/www.rss-nordheide.de\/rss_web\/wp-content\/uploads\/2019\/02\/Stundenpl\u00e4ne-Klasse-8-ab-5.2.2019.pdf\">Stundenpl\u00e4ne Klasse 8 ab 5.2.2019<\/a><\/p>\n<p><a href=\"http:\/\/www.rss-nordheide.de\/rss_web\/wp-content\/uploads\/2019\/02\/Stundenpl\u00e4ne-Klasse-9-ab-5.2.2019.pdf\">Stundenpl\u00e4ne Klasse 9 ab 5.2.2019<\/a><\/p>\n<p><a href=\"http:\/\/www.rss-nordheide.de\/rss_web\/wp-content\/uploads\/2019\/02\/Stundenpl\u00e4ne-Klasse-10-ab-5.2.2019.pdf\">Stundenpl\u00e4ne Klasse 10 ab 5.2.2019<\/a><\/p>\n<p><a href=\"http:\/\/www.rss-nordheide.de\/rss_web\/wp-content\/uploads\/2019\/02\/Stundenpl\u00e4ne-Klasse-11-ab-5.2.2019.pdf\">Stundenpl\u00e4ne Klasse 11 ab 5.2.2019<\/a><\/p>\n<p><a href=\"http:\/\/www.rss-nordheide.de\/rss_web\/wp-content\/uploads\/2019\/02\/Stundenpl\u00e4ne-Klasse-12-ab-5.2.2019.pdf\">Stundenpl\u00e4ne Klasse 12 ab 5.2.2019<\/a><\/p>\n<p><a href=\"http:\/\/www.rss-nordheide.de\/rss_web\/wp-content\/uploads\/2019\/02\/Stundenpl\u00e4ne-Klasse-13-ab-5.2.2019.pdf\">Stundenpl\u00e4ne Klasse 13 ab 5.2.2019<\/a><\/p>\n<p>1. Halbjahr 2018\/19<\/p>\n<p><a href=\"http:\/\/www.rss-nordheide.de\/rss_web\/wp-content\/uploads\/2013\/08\/Stundenpl\u00e4ne-1.Klasse-ab-9.8.18.pdf\">Stundenpl\u00e4ne 1.Klasse ab 9.8.18<\/a><\/p>\n<p><a href=\"http:\/\/www.rss-nordheide.de\/rss_web\/wp-content\/uploads\/2013\/08\/Stundenpl\u00e4ne-2.Klasse-ab-9.8.18.pdf\">Stundenpl\u00e4ne 2.Klasse ab 9.8.18<\/a><\/p>\n<p><a href=\"http:\/\/www.rss-nordheide.de\/rss_web\/wp-content\/uploads\/2013\/08\/Stundenpl\u00e4ne-3.Klasse-ab-9.8.18.pdf\">Stundenpl\u00e4ne 3.Klasse ab 9.8.18<\/a><\/p>\n<p><a href=\"http:\/\/www.rss-nordheide.de\/rss_web\/wp-content\/uploads\/2013\/08\/Stundenpl\u00e4ne-4.Klasse-ab-9.8.18.pdf\">Stundenpl\u00e4ne 4.Klasse ab 9.8.18<\/a><\/p>\n<p><a href=\"http:\/\/www.rss-nordheide.de\/rss_web\/wp-content\/uploads\/2013\/08\/Stundenpl\u00e4ne-5.Klasse-ab-9.8.18.pdf\">Stundenpl\u00e4ne 5.Klasse ab 9.8.18<\/a><\/p>\n<p><a href=\"http:\/\/www.rss-nordheide.de\/rss_web\/wp-content\/uploads\/2013\/08\/Stundenpl\u00e4ne-6.Klasse-ab-9.8.18.pdf\">Stundenpl\u00e4ne 6.Klasse ab 9.8.18<\/a><\/p>\n<p><a href=\"http:\/\/www.rss-nordheide.de\/rss_web\/wp-content\/uploads\/2013\/08\/Stundenpl\u00e4ne-7.Klasse-ab-9.8.18.pdf\">Stundenpl\u00e4ne 7.Klasse ab 9.8.18<\/a><\/p>\n<p><a href=\"http:\/\/www.rss-nordheide.de\/rss_web\/wp-content\/uploads\/2013\/08\/Stundenpl\u00e4ne-8.Klasse-ab-9.8.18.pdf\">Stundenpl\u00e4ne 8.Klasse ab 9.8.18<\/a><\/p>\n<p><a href=\"http:\/\/www.rss-nordheide.de\/rss_web\/wp-content\/uploads\/2013\/08\/Stundenpl\u00e4ne-9.Klasse-ab-9.8.18.pdf\">Stundenpl\u00e4ne 9.Klasse ab 9.8.18<\/a><\/p>\n<p><a href=\"http:\/\/www.rss-nordheide.de\/rss_web\/wp-content\/uploads\/2013\/08\/Stundenpl\u00e4ne-10.Klasse-ab-9.8.18.pdf\">Stundenpl\u00e4ne 10.Klasse ab 9.8.18<\/a><\/p>\n<p><a href=\"http:\/\/www.rss-nordheide.de\/rss_web\/wp-content\/uploads\/2013\/08\/Stundenpl\u00e4ne-11.Klasse-ab-9.8.18.pdf\">Stundenpl\u00e4ne 11.Klasse ab 9.8.18<\/a><\/p>\n<p><a href=\"http:\/\/www.rss-nordheide.de\/rss_web\/wp-content\/uploads\/2013\/08\/Stundenpl\u00e4ne-12.Klasse-ab-9.8.18.pdf\">Stundenpl\u00e4ne 12.Klasse ab 9.8.18<\/a><\/p>\n<p><a href=\"http:\/\/www.rss-nordheide.de\/rss_web\/wp-content\/uploads\/2013\/08\/Stundenpl\u00e4ne-13.Klasse-ab-9.8.18.pdf\">Stundenpl\u00e4ne 13.Klasse ab 9.8.18<\/a><\/p>\n","protected":false},"excerpt":{"rendered":"<p>Hier finden Sie die aktuellen Stundenpl\u00e4ne der einzelnen Klassen, jeweils A\/B bzw. Q\/R-Gruppe, zum Download. 1. Halbjahr 2019\/20 (ab September 2019) Stundenpl\u00e4ne Klasse 1 ab 2.9.2019 Stundenpl\u00e4ne Klasse 2 ab 2.9.2019 Stundenpl\u00e4ne Klasse 3 ab 2.9.2019 Stundenpl\u00e4ne Klasse 4 ab 2.9.2019 Stundenpl\u00e4ne Klasse 5 ab 2.9.2019 Stundenpl\u00e4ne Klasse 6 ab 2.9.2019 Stundenpl\u00e4ne Klasse 7 ab [&hellip;]<\/p>\n","protected":false},"author":90,"featured_media":0,"comment_status":"closed","ping_status":"closed","sticky":false,"template":"","format":"standard","meta":{"footnotes":"","_links_to":"","_links_to_target":""},"categories":[45],"tags":[],"class_list":["post-305","post","type-post","status-publish","format-standard","hentry","category-stundenplaene"],"_links":{"self":[{"href":"https:\/\/www.rss-nordheide.de\/rss_web\/wp-json\/wp\/v2\/posts\/305","targetHints":{"allow":["GET"]}}],"collection":[{"href":"https:\/\/www.rss-nordheide.de\/rss_web\/wp-json\/wp\/v2\/posts"}],"about":[{"href":"https:\/\/www.rss-nordheide.de\/rss_web\/wp-json\/wp\/v2\/types\/post"}],"author":[{"embeddable":true,"href":"https:\/\/www.rss-nordheide.de\/rss_web\/wp-json\/wp\/v2\/users\/90"}],"replies":[{"embeddable":true,"href":"https:\/\/www.rss-nordheide.de\/rss_web\/wp-json\/wp\/v2\/comments?post=305"}],"version-history":[{"count":40,"href":"https:\/\/www.rss-nordheide.de\/rss_web\/wp-json\/wp\/v2\/posts\/305\/revisions"}],"predecessor-version":[{"id":93925,"href":"https:\/\/www.rss-nordheide.de\/rss_web\/wp-json\/wp\/v2\/posts\/305\/revisions\/93925"}],"wp:attachment":[{"href":"https:\/\/www.rss-nordheide.de\/rss_web\/wp-json\/wp\/v2\/media?parent=305"}],"wp:term":[{"taxonomy":"category","embeddable":true,"href":"https:\/\/www.rss-nordheide.de\/rss_web\/wp-json\/wp\/v2\/categories?post=305"},{"taxonomy":"post_tag","embeddable":true,"href":"https:\/\/www.rss-nordheide.de\/rss_web\/wp-json\/wp\/v2\/tags?post=305"}],"curies":[{"name":"wp","href":"https:\/\/api.w.org\/{rel}","templated":true}]}}