{"id":273,"date":"2013-08-29T19:19:21","date_gmt":"2013-08-29T17:19:21","guid":{"rendered":"http:\/\/www.rss-nordheide.de\/rss_web\/?p=273"},"modified":"2024-01-31T21:17:59","modified_gmt":"2024-01-31T20:17:59","slug":"anmeldungen-fuer-die-neue-1-klasse","status":"publish","type":"post","link":"https:\/\/www.rss-nordheide.de\/rss_web\/anmeldungen-fuer-die-neue-1-klasse\/","title":{"rendered":"Anmeldungen f\u00fcr die neue 1. Klasse"},"content":{"rendered":"\n<p>Wir freuen uns sehr \u00fcber Ihr Interesse an der Rudolf-Steiner-Schule Nordheide. Wir legen Wert darauf, dass Sie sich mit dem besonderen p\u00e4dagogischen Konzept der Schule auseinandergesetzt haben.<\/p>\n\n\n\n<p>Die Rudolf-Steiner-Schule Nordheide ist keine inklusive Schule, deshalb k\u00f6nnen Kinder, bei denen aktuell ein sonderp\u00e4dagogischer Unterst\u00fctzungsbedarf vorliegt, nicht aufgenommen werden. Bei Bedarf k\u00f6nnen Sie sich an unseren <a href=\"https:\/\/www.elias-schulzweig.info\/\">Elias-Schulzweig<\/a> in Wistedt wenden.<\/p>\n\n\n\n<p>Wenn Sie Ihr Kind f\u00fcr die neue 1. Klasse anmelden m\u00f6chten, brauchen wir folgende Unterlagen von Ihnen:<\/p>\n\n\n\n<ol class=\"wp-block-list\">\n<li> <a href=\"https:\/\/www.rss-nordheide.de\/rss_web\/wp-content\/uploads\/2023\/09\/2023-01-09-Aufnahmeantrag-ab-SJ-2023-24.pdf\">Aufnahmeantrag<\/a> <\/li>\n\n\n\n<li> Entwicklungsbericht (physische und psychische Entwicklung Ihres Kindes von der Geburt bis zum aktuellen Datum) <\/li>\n\n\n\n<li> ein aktuelles Foto <\/li>\n<\/ol>\n\n\n\n<p>Bitte reichen sie die Anmeldung Ihres Kindes bis zum 30.11. im Schulb\u00fcro ein.<\/p>\n\n\n\n<p>Wir m\u00f6chten Sie bitten von einer Anmeldung abzusehen, wenn Ihr Kind erst nach dem 30.06. des Einschulungsjahres das 6. Lebensjahr vollenden wird.<\/p>\n","protected":false},"excerpt":{"rendered":"<p>Wir freuen uns sehr \u00fcber Ihr Interesse an der Rudolf-Steiner-Schule Nordheide. Wir legen Wert darauf, dass Sie sich mit dem besonderen p\u00e4dagogischen Konzept der Schule auseinandergesetzt haben. Die Rudolf-Steiner-Schule Nordheide ist keine inklusive Schule, deshalb k\u00f6nnen Kinder, bei denen aktuell ein sonderp\u00e4dagogischer Unterst\u00fctzungsbedarf vorliegt, nicht aufgenommen werden. Bei Bedarf k\u00f6nnen Sie sich an unseren Elias-Schulzweig [&hellip;]<\/p>\n","protected":false},"author":90,"featured_media":0,"comment_status":"closed","ping_status":"closed","sticky":false,"template":"","format":"standard","meta":{"footnotes":"","_links_to":"","_links_to_target":""},"categories":[40],"tags":[],"class_list":["post-273","post","type-post","status-publish","format-standard","hentry","category-anmeldung-1-klasse"],"_links":{"self":[{"href":"https:\/\/www.rss-nordheide.de\/rss_web\/wp-json\/wp\/v2\/posts\/273","targetHints":{"allow":["GET"]}}],"collection":[{"href":"https:\/\/www.rss-nordheide.de\/rss_web\/wp-json\/wp\/v2\/posts"}],"about":[{"href":"https:\/\/www.rss-nordheide.de\/rss_web\/wp-json\/wp\/v2\/types\/post"}],"author":[{"embeddable":true,"href":"https:\/\/www.rss-nordheide.de\/rss_web\/wp-json\/wp\/v2\/users\/90"}],"replies":[{"embeddable":true,"href":"https:\/\/www.rss-nordheide.de\/rss_web\/wp-json\/wp\/v2\/comments?post=273"}],"version-history":[{"count":17,"href":"https:\/\/www.rss-nordheide.de\/rss_web\/wp-json\/wp\/v2\/posts\/273\/revisions"}],"predecessor-version":[{"id":96415,"href":"https:\/\/www.rss-nordheide.de\/rss_web\/wp-json\/wp\/v2\/posts\/273\/revisions\/96415"}],"wp:attachment":[{"href":"https:\/\/www.rss-nordheide.de\/rss_web\/wp-json\/wp\/v2\/media?parent=273"}],"wp:term":[{"taxonomy":"category","embeddable":true,"href":"https:\/\/www.rss-nordheide.de\/rss_web\/wp-json\/wp\/v2\/categories?post=273"},{"taxonomy":"post_tag","embeddable":true,"href":"https:\/\/www.rss-nordheide.de\/rss_web\/wp-json\/wp\/v2\/tags?post=273"}],"curies":[{"name":"wp","href":"https:\/\/api.w.org\/{rel}","templated":true}]}}