{"id":146,"date":"2013-08-28T19:13:14","date_gmt":"2013-08-28T17:13:14","guid":{"rendered":"http:\/\/www.rss-nordheide.de\/rss_web\/?p=146"},"modified":"2021-04-12T11:02:09","modified_gmt":"2021-04-12T09:02:09","slug":"feste-und-veranstaltungen","status":"publish","type":"post","link":"https:\/\/www.rss-nordheide.de\/rss_web\/feste-und-veranstaltungen\/","title":{"rendered":"Feste und Veranstaltungen"},"content":{"rendered":"<p><a href=\"http:\/\/www.rss-nordheide.de\/rss_web\/wp-content\/uploads\/2013\/08\/bild-78.jpg\"><img loading=\"lazy\" decoding=\"async\" class=\"alignright  wp-image-148\" style=\"border: 8px solid white; margin: 5px;\" alt=\"bild-78\" src=\"http:\/\/www.rss-nordheide.de\/rss_web\/wp-content\/uploads\/2013\/08\/bild-78.jpg\" width=\"308\" height=\"351\" srcset=\"https:\/\/www.rss-nordheide.de\/rss_web\/wp-content\/uploads\/2013\/08\/bild-78.jpg 400w, https:\/\/www.rss-nordheide.de\/rss_web\/wp-content\/uploads\/2013\/08\/bild-78-263x300.jpg 263w\" sizes=\"auto, (max-width: 308px) 100vw, 308px\" \/><\/a><\/p>\n<p>In unserer Schule wird nicht nur gemeinsam gelernt, sondern auch gemeinsam gefeiert: Im Jahresrhythmus finden verschiedene Veranstaltungen und Feste statt, die ihren festen Platz im schulischen Geschehen haben. Dabei kommen regelm\u00e4\u00dfig Lehrkr\u00e4fte, Sch\u00fclerinnen und Sch\u00fcler, Elternschaft und Freunde unserer Schule zu einem fr\u00f6hlichen Miteinander zusammen. Au\u00dferdem bieten die Feste interessierten Eltern, die noch kein Kind an unserer Schule haben, eine gute Gelegenheit, einen Eindruck von der Schule und ihrer Gemeinschaft zu gewinnen.<\/p>\n<h3>Zu unseren regelm\u00e4\u00dfigen Festen z\u00e4hlen:<\/h3>\n<p><strong>Die Monatsfeier<\/strong><\/p>\n<p>Hier zeigen die Sch\u00fclerinnen und Sch\u00fcler auf der B\u00fchne Darbietungen aus dem Unterricht. Einmal im Jahr findet eine \u00f6ffentliche Monatsfeier statt, zu der Eltern, Verwandte, Freunde und Interessierte eingeladen sind.<\/p>\n<p>&nbsp;<\/p>\n<p><strong>Das Faschingsfest<\/strong><\/p>\n<p>Im Februar wird in den Klassen 1 bis 8 Fasching gefeiert. Ein Unterrichtsmotiv gibt den Rahmen und die M\u00f6glichkeit f\u00fcr die Kinder, sich zum Beispiel ganz in eine M\u00e4rchenfigur, ein Tier oder einen Handwerker, zu verwandeln.<\/p>\n<p>&nbsp;<\/p>\n<p>&nbsp;<\/p>\n<p><strong>Das Sommerfest<\/strong><\/p>\n<p>Eltern, Sch\u00fclerschaft und Lehrkr\u00e4fte gestalten und erleben gemeinsam ein fr\u00f6hliches und lebendiges Sommerfest auf dem Schulhof mit zahlreichen Spielen sowie gutem Essen und Trinken f\u00fcr alle.<\/p>\n<p>&nbsp;<\/p>\n<p><strong>Das Michaelifest<\/strong><\/p>\n<p><img loading=\"lazy\" decoding=\"async\" class=\"alignright size-medium wp-image-150\" style=\"border: 8px solid white; margin: 5px;\" alt=\"bild-76\" src=\"http:\/\/www.rss-nordheide.de\/rss_web\/wp-content\/uploads\/2013\/08\/bild-76-300x216.jpg\" width=\"300\" height=\"216\" srcset=\"https:\/\/www.rss-nordheide.de\/rss_web\/wp-content\/uploads\/2013\/08\/bild-76-300x216.jpg 300w, https:\/\/www.rss-nordheide.de\/rss_web\/wp-content\/uploads\/2013\/08\/bild-76.jpg 400w\" sizes=\"auto, (max-width: 300px) 100vw, 300px\" \/><\/p>\n<p>Bei unserem Michaelifest am 29. September beginnt der Tag mit einem gemeinsamen Treffen. Im Anschluss daran gestaltet jede Klasse ihrem Alter entsprechend diesen Festtag.<\/p>\n<p>&nbsp;<\/p>\n<p><strong>Die Martinswerkst\u00e4tten<\/strong><\/p>\n<p>&nbsp;<\/p>\n<p>Am Samstag nach dem 11. November feiern wir das Martinsfest. An diesem Tag haben alle Interessierten die M\u00f6glichkeit, in den zu Werkst\u00e4tten umgestalteten Klassenr\u00e4umen t\u00e4tig zu werden.<\/p>\n<p>&nbsp;<\/p>\n<p><strong>Das Chor- und Orchesterkonzert<\/strong><\/p>\n<p><img loading=\"lazy\" decoding=\"async\" class=\"alignright size-medium wp-image-147\" style=\"border: 8px solid white; margin: 5px;\" alt=\"bild-77\" src=\"http:\/\/www.rss-nordheide.de\/rss_web\/wp-content\/uploads\/2013\/08\/bild-77-300x200.jpg\" width=\"300\" height=\"200\" srcset=\"https:\/\/www.rss-nordheide.de\/rss_web\/wp-content\/uploads\/2013\/08\/bild-77-300x200.jpg 300w, https:\/\/www.rss-nordheide.de\/rss_web\/wp-content\/uploads\/2013\/08\/bild-77.jpg 400w\" sizes=\"auto, (max-width: 300px) 100vw, 300px\" \/><\/p>\n<p>Mittlerweile hat sich das Chor- und Orchesterkonzert, das im November stattfindet, zu einem musikalischen H\u00f6hepunkt entwickelt, in dem die Sch\u00fclerinnen und Sch\u00fcler der Oberstufe die Fr\u00fcchte der Arbeit eines Jahres zum Vortrag bringen. Den Auff\u00fchrungen geht eine Woche intensiver Probenarbeit der Oberstufe voraus.<\/p>\n<p>&nbsp;<\/p>\n","protected":false},"excerpt":{"rendered":"<p>In unserer Schule wird nicht nur gemeinsam gelernt, sondern auch gemeinsam gefeiert: Im Jahresrhythmus finden verschiedene Veranstaltungen und Feste statt, die ihren festen Platz im schulischen Geschehen haben. Dabei kommen regelm\u00e4\u00dfig Lehrkr\u00e4fte, Sch\u00fclerinnen und Sch\u00fcler, Elternschaft und Freunde unserer Schule zu einem fr\u00f6hlichen Miteinander zusammen. Au\u00dferdem bieten die Feste interessierten Eltern, die noch kein Kind [&hellip;]<\/p>\n","protected":false},"author":90,"featured_media":0,"comment_status":"closed","ping_status":"closed","sticky":false,"template":"","format":"standard","meta":{"footnotes":"","_links_to":"","_links_to_target":""},"categories":[18],"tags":[],"class_list":["post-146","post","type-post","status-publish","format-standard","hentry","category-feste-veranstaltungen"],"_links":{"self":[{"href":"https:\/\/www.rss-nordheide.de\/rss_web\/wp-json\/wp\/v2\/posts\/146","targetHints":{"allow":["GET"]}}],"collection":[{"href":"https:\/\/www.rss-nordheide.de\/rss_web\/wp-json\/wp\/v2\/posts"}],"about":[{"href":"https:\/\/www.rss-nordheide.de\/rss_web\/wp-json\/wp\/v2\/types\/post"}],"author":[{"embeddable":true,"href":"https:\/\/www.rss-nordheide.de\/rss_web\/wp-json\/wp\/v2\/users\/90"}],"replies":[{"embeddable":true,"href":"https:\/\/www.rss-nordheide.de\/rss_web\/wp-json\/wp\/v2\/comments?post=146"}],"version-history":[{"count":6,"href":"https:\/\/www.rss-nordheide.de\/rss_web\/wp-json\/wp\/v2\/posts\/146\/revisions"}],"predecessor-version":[{"id":95108,"href":"https:\/\/www.rss-nordheide.de\/rss_web\/wp-json\/wp\/v2\/posts\/146\/revisions\/95108"}],"wp:attachment":[{"href":"https:\/\/www.rss-nordheide.de\/rss_web\/wp-json\/wp\/v2\/media?parent=146"}],"wp:term":[{"taxonomy":"category","embeddable":true,"href":"https:\/\/www.rss-nordheide.de\/rss_web\/wp-json\/wp\/v2\/categories?post=146"},{"taxonomy":"post_tag","embeddable":true,"href":"https:\/\/www.rss-nordheide.de\/rss_web\/wp-json\/wp\/v2\/tags?post=146"}],"curies":[{"name":"wp","href":"https:\/\/api.w.org\/{rel}","templated":true}]}}